{"id":11283,"date":"2018-07-09T14:27:48","date_gmt":"2018-07-09T12:27:48","guid":{"rendered":"https:\/\/www.intersoccermadrid.com\/fantastica-noticia-pierre-kunde-ha-fichado-por-el-mainz-05-de-la-bundesliga\/"},"modified":"2018-08-31T18:21:46","modified_gmt":"2018-08-31T16:21:46","slug":"fantastica-noticia-pierre-kunde-ha-fichado-por-el-mainz-05-de-la-bundesliga","status":"publish","type":"post","link":"https:\/\/www.intersoccermadrid.com\/en\/fantastica-noticia-pierre-kunde-ha-fichado-por-el-mainz-05-de-la-bundesliga\/","title":{"rendered":"\u00a1FANT\u00c1STICA NOTICIA! PIERRE KUNDE HA FICHADO POR EL MAINZ 05 DE LA BUNDESLIGA!"},"content":{"rendered":"<p>[et_pb_section bb_built=&#8221;1&#8243;][et_pb_row][et_pb_column type=&#8221;4_4&#8243;][et_pb_text _builder_version=&#8221;3.11.1&#8243;]<\/p>\n<p>\u00a1Los sue\u00f1os muchas veces se cumplen!<\/p>\n<p>Pierre lleg\u00f3 como alumno a la AC INTERSOCCER MADRID en el a\u00f1o 2012 con 16 a\u00f1os y, ahora, con 22, es ya jugador de la Bundesliga&#8230; la m\u00e1s alta competici\u00f3n de f\u00fatbol de Alemania.<!--more--><\/p>\n<p>[\/et_pb_text][et_pb_gallery _builder_version=&#8221;3.11.1&#8243; gallery_ids=&#8221;11143,11146,11149,11152,11155,11158,11161,11164,11167,11170,11173&#8243; fullwidth=&#8221;on&#8221; zoom_icon_color=&#8221;#2ea3f2&#8243; hover_overlay_color=&#8221;rgba(255,255,255,0.9)&#8221; \/][et_pb_text _builder_version=&#8221;3.11.1&#8243;]<\/p>\n<p>El camino nunca fue f\u00e1cil pero, en sus diferentes etapas, Pierre Kunde demostr\u00f3 una determinaci\u00f3n sin l\u00edmite personal alguno. Y as\u00ed, fue puntuando con nota en todas las etapas, no hubo reto alguno que no fuera capaz de superar. Se fue formando para conseguir su sue\u00f1o mantenido en la tecnificaci\u00f3n diaria de la academia; jug\u00f3 much\u00edsimos amistosos en la LIGA OPEN de talentos INTERSOCCER; con 17 a\u00f1os -jugando como defensa central- fue el mejor jugador del equipo senior de preferente del Alcobendas Levitt -nuestro club patrocinador-; fich\u00f3 por el Club Atl\u00e9tico de Madrid -Juvenil Divisi\u00f3n de Honor, Youth League, 2a B, 3a&#8230; en todas las categor\u00edas y niveles comprobaron su calidad, su espectacular progresi\u00f3n-; llegaron las ligas profesionales&#8230; y fue cedido primero a la UD Extremadura de 2a B, y despu\u00e9s al Granada CF de 2a A. Y en ambos clubes, a\u00fan siendo el jugador debutante, se convirti\u00f3 en el mejor jugador de la temporada y, sin ser delantero, entre los dos equipos, dejo 16 goles para el recuerdo de todos; muchos de ellos de una ejecuci\u00f3n extraordinaria.<\/p>\n<p>Hace apenas diez d\u00edas por sus m\u00e9ritos contra\u00eddos pas\u00f3 a ser jugador de la primera plantilla del Club Atl\u00e9tico de Madrid. Pero cuando ya se preparaba a conciencia para iniciar la pretemporada, numerosas ofertas, y de diferentes ligas europeas, hicieron posible su llegada a toda una todopoderosa Bundesliga.<\/p>\n<p>\u00a1Ya es jugador del Mainz 05! \u00a1Y su progresi\u00f3n all\u00ed seguir\u00e1 siendo espectacular!<\/p>\n<p>\u00a1Que momento tan incre\u00edble para el proyecto de formaci\u00f3n de la AC INTERSOCCER!<\/p>\n<p>\u00a1Muchas felicidades Pierre Kunde!<\/p>\n<p>Pierre atesora&#8230;<\/p>\n<p>Un ejemplo de todo aquello que debe tener alguien quien tenga fundadas esperanzas de ser futbolista profesional. Valores como: riesgo personal desde ni\u00f1o para abandonar la protecci\u00f3n familiar e instalarse en un mundo y un medio desconocidos; talento natural; ganas de crecer tambi\u00e9n como persona -aprovechar la formaci\u00f3n y educaci\u00f3n que la vida te ofrece, por eso domina ya tres idiomas, y atesora una educaci\u00f3n capaz de enfrentarse a cualquier situaci\u00f3n de convivencia humana-; capacidad de trabajo y de aprendizaje en conceptos futbol\u00edsticos para absorber los mismos de manera incansable; disposici\u00f3n para entrenar y jugar siempre que se le requiere; jugar con responsabilidad pero siempre con naturalidad y poniendo en cada acci\u00f3n su propia personalidad&#8230; esperanza siempre en que lo mejor est\u00e1 por llegar en las siguientes oportunidades que la vida te va ofreciendo y una sonrisa de amabilidad permanente.<\/p>\n<p>\u00a1Grande Pierre Kunde!<\/p>\n<p>\u00a1Alumno ejemplar de la AC INTERSOCCER!<\/p>\n<p>[\/et_pb_text][\/et_pb_column][\/et_pb_row][\/et_pb_section]<\/p>\n","protected":false},"excerpt":{"rendered":"<p><div class=\"et_pb_row et_pb_row_0 et_pb_row_empty\">\n\t\t\t\t\n\t\t\t\t\n\t\t\t\t\n\t\t\t\t\n\t\t\t\t\n\t\t\t<\/div> \u00a1Los sue\u00f1os muchas veces se cumplen! Pierre lleg\u00f3 como alumno a la AC INTERSOCCER MADRID en el a\u00f1o 2012 con 16 a\u00f1os y, ahora, con 22, es ya jugador de la Bundesliga&#8230; la m\u00e1s alta competici\u00f3n de f\u00fatbol de Alemania. El camino nunca fue f\u00e1cil pero, en sus diferentes etapas, Pierre Kunde demostr\u00f3 una [&hellip;]<\/p>\n","protected":false},"author":2,"featured_media":11144,"comment_status":"closed","ping_status":"closed","sticky":false,"template":"","format":"standard","meta":{"_et_pb_use_builder":"on","_et_pb_old_content":"","_et_gb_content_width":""},"categories":[8],"tags":[151],"yoast_head":"<!-- This site is optimized with the Yoast SEO plugin v20.9 - https:\/\/yoast.com\/wordpress\/plugins\/seo\/ -->\n<title>\u00a1FANT\u00c1STICA NOTICIA! PIERRE KUNDE HA FICHADO POR EL MAINZ 05 DE LA BUNDESLIGA! &middot; International Soccer Academy of Madrid<\/title>\n<meta name=\"robots\" content=\"index, follow, max-snippet:-1, max-image-preview:large, max-video-preview:-1\" \/>\n<link rel=\"canonical\" href=\"https:\/\/www.intersoccermadrid.com\/en\/fantastica-noticia-pierre-kunde-ha-fichado-por-el-mainz-05-de-la-bundesliga\/\" \/>\n<meta property=\"og:locale\" content=\"en_US\" \/>\n<meta property=\"og:type\" content=\"article\" \/>\n<meta property=\"og:title\" content=\"\u00a1FANT\u00c1STICA NOTICIA! PIERRE KUNDE HA FICHADO POR EL MAINZ 05 DE LA BUNDESLIGA! &middot; International Soccer Academy of Madrid\" \/>\n<meta property=\"og:description\" content=\"\u00a1Los sue\u00f1os muchas veces se cumplen! Pierre lleg\u00f3 como alumno a la AC INTERSOCCER MADRID en el a\u00f1o 2012 con 16 a\u00f1os y, ahora, con 22, es ya jugador de la Bundesliga... la m\u00e1s alta competici\u00f3n de f\u00fatbol de Alemania. El camino nunca fue f\u00e1cil pero, en sus diferentes etapas, Pierre Kunde demostr\u00f3 una [&hellip;]\" \/>\n<meta property=\"og:url\" content=\"https:\/\/www.intersoccermadrid.com\/en\/fantastica-noticia-pierre-kunde-ha-fichado-por-el-mainz-05-de-la-bundesliga\/\" \/>\n<meta property=\"og:site_name\" content=\"International Soccer Academy of Madrid\" \/>\n<meta property=\"article:published_time\" content=\"2018-07-09T12:27:48+00:00\" \/>\n<meta property=\"article:modified_time\" content=\"2018-08-31T16:21:46+00:00\" \/>\n<meta property=\"og:image\" content=\"https:\/\/www.intersoccermadrid.com\/wp-content\/uploads\/2018\/08\/2018_pierre_en_mainz_01.jpg\" \/>\n\t<meta property=\"og:image:width\" content=\"800\" \/>\n\t<meta property=\"og:image:height\" content=\"599\" \/>\n\t<meta property=\"og:image:type\" content=\"image\/jpeg\" \/>\n<meta name=\"author\" content=\"Administrator\" \/>\n<meta name=\"twitter:card\" content=\"summary_large_image\" \/>\n<meta name=\"twitter:label1\" content=\"Written by\" \/>\n\t<meta name=\"twitter:data1\" content=\"Administrator\" \/>\n\t<meta name=\"twitter:label2\" content=\"Est. reading time\" \/>\n\t<meta name=\"twitter:data2\" content=\"3 minutes\" \/>\n<script type=\"application\/ld+json\" class=\"yoast-schema-graph\">{\"@context\":\"https:\/\/schema.org\",\"@graph\":[{\"@type\":\"WebPage\",\"@id\":\"https:\/\/www.intersoccermadrid.com\/en\/fantastica-noticia-pierre-kunde-ha-fichado-por-el-mainz-05-de-la-bundesliga\/\",\"url\":\"https:\/\/www.intersoccermadrid.com\/en\/fantastica-noticia-pierre-kunde-ha-fichado-por-el-mainz-05-de-la-bundesliga\/\",\"name\":\"\u00a1FANT\u00c1STICA NOTICIA! PIERRE KUNDE HA FICHADO POR EL MAINZ 05 DE LA BUNDESLIGA! &middot; International Soccer Academy of Madrid\",\"isPartOf\":{\"@id\":\"https:\/\/www.intersoccermadrid.com\/en\/#website\"},\"datePublished\":\"2018-07-09T12:27:48+00:00\",\"dateModified\":\"2018-08-31T16:21:46+00:00\",\"author\":{\"@id\":\"https:\/\/www.intersoccermadrid.com\/en\/#\/schema\/person\/4843f782828393fd2fd34a6db5ce5d48\"},\"breadcrumb\":{\"@id\":\"https:\/\/www.intersoccermadrid.com\/en\/fantastica-noticia-pierre-kunde-ha-fichado-por-el-mainz-05-de-la-bundesliga\/#breadcrumb\"},\"inLanguage\":\"en-US\",\"potentialAction\":[{\"@type\":\"ReadAction\",\"target\":[\"https:\/\/www.intersoccermadrid.com\/en\/fantastica-noticia-pierre-kunde-ha-fichado-por-el-mainz-05-de-la-bundesliga\/\"]}]},{\"@type\":\"BreadcrumbList\",\"@id\":\"https:\/\/www.intersoccermadrid.com\/en\/fantastica-noticia-pierre-kunde-ha-fichado-por-el-mainz-05-de-la-bundesliga\/#breadcrumb\",\"itemListElement\":[{\"@type\":\"ListItem\",\"position\":1,\"name\":\"Home\",\"item\":\"https:\/\/www.intersoccermadrid.com\/en\/\"},{\"@type\":\"ListItem\",\"position\":2,\"name\":\"\u00a1FANT\u00c1STICA NOTICIA! PIERRE KUNDE HA FICHADO POR EL MAINZ 05 DE LA BUNDESLIGA!\"}]},{\"@type\":\"WebSite\",\"@id\":\"https:\/\/www.intersoccermadrid.com\/en\/#website\",\"url\":\"https:\/\/www.intersoccermadrid.com\/en\/\",\"name\":\"International Soccer Academy of Madrid\",\"description\":\"International Soccer Academy of Madrid\",\"potentialAction\":[{\"@type\":\"SearchAction\",\"target\":{\"@type\":\"EntryPoint\",\"urlTemplate\":\"https:\/\/www.intersoccermadrid.com\/en\/?s={search_term_string}\"},\"query-input\":\"required name=search_term_string\"}],\"inLanguage\":\"en-US\"},{\"@type\":\"Person\",\"@id\":\"https:\/\/www.intersoccermadrid.com\/en\/#\/schema\/person\/4843f782828393fd2fd34a6db5ce5d48\",\"name\":\"Administrator\",\"image\":{\"@type\":\"ImageObject\",\"inLanguage\":\"en-US\",\"@id\":\"https:\/\/www.intersoccermadrid.com\/en\/#\/schema\/person\/image\/\",\"url\":\"https:\/\/secure.gravatar.com\/avatar\/85ec5305f9a568d3e58c20ee91decabf?s=96&d=mm&r=g\",\"contentUrl\":\"https:\/\/secure.gravatar.com\/avatar\/85ec5305f9a568d3e58c20ee91decabf?s=96&d=mm&r=g\",\"caption\":\"Administrator\"},\"url\":\"https:\/\/www.intersoccermadrid.com\/en\/author\/admin\/\"}]}<\/script>\n<!-- \/ Yoast SEO plugin. -->","yoast_head_json":{"title":"\u00a1FANT\u00c1STICA NOTICIA! PIERRE KUNDE HA FICHADO POR EL MAINZ 05 DE LA BUNDESLIGA! &middot; International Soccer Academy of Madrid","robots":{"index":"index","follow":"follow","max-snippet":"max-snippet:-1","max-image-preview":"max-image-preview:large","max-video-preview":"max-video-preview:-1"},"canonical":"https:\/\/www.intersoccermadrid.com\/en\/fantastica-noticia-pierre-kunde-ha-fichado-por-el-mainz-05-de-la-bundesliga\/","og_locale":"en_US","og_type":"article","og_title":"\u00a1FANT\u00c1STICA NOTICIA! PIERRE KUNDE HA FICHADO POR EL MAINZ 05 DE LA BUNDESLIGA! &middot; International Soccer Academy of Madrid","og_description":"\u00a1Los sue\u00f1os muchas veces se cumplen! Pierre lleg\u00f3 como alumno a la AC INTERSOCCER MADRID en el a\u00f1o 2012 con 16 a\u00f1os y, ahora, con 22, es ya jugador de la Bundesliga... la m\u00e1s alta competici\u00f3n de f\u00fatbol de Alemania. El camino nunca fue f\u00e1cil pero, en sus diferentes etapas, Pierre Kunde demostr\u00f3 una [&hellip;]","og_url":"https:\/\/www.intersoccermadrid.com\/en\/fantastica-noticia-pierre-kunde-ha-fichado-por-el-mainz-05-de-la-bundesliga\/","og_site_name":"International Soccer Academy of Madrid","article_published_time":"2018-07-09T12:27:48+00:00","article_modified_time":"2018-08-31T16:21:46+00:00","og_image":[{"width":800,"height":599,"url":"https:\/\/www.intersoccermadrid.com\/wp-content\/uploads\/2018\/08\/2018_pierre_en_mainz_01.jpg","type":"image\/jpeg"}],"author":"Administrator","twitter_card":"summary_large_image","twitter_misc":{"Written by":"Administrator","Est. reading time":"3 minutes"},"schema":{"@context":"https:\/\/schema.org","@graph":[{"@type":"WebPage","@id":"https:\/\/www.intersoccermadrid.com\/en\/fantastica-noticia-pierre-kunde-ha-fichado-por-el-mainz-05-de-la-bundesliga\/","url":"https:\/\/www.intersoccermadrid.com\/en\/fantastica-noticia-pierre-kunde-ha-fichado-por-el-mainz-05-de-la-bundesliga\/","name":"\u00a1FANT\u00c1STICA NOTICIA! PIERRE KUNDE HA FICHADO POR EL MAINZ 05 DE LA BUNDESLIGA! &middot; International Soccer Academy of Madrid","isPartOf":{"@id":"https:\/\/www.intersoccermadrid.com\/en\/#website"},"datePublished":"2018-07-09T12:27:48+00:00","dateModified":"2018-08-31T16:21:46+00:00","author":{"@id":"https:\/\/www.intersoccermadrid.com\/en\/#\/schema\/person\/4843f782828393fd2fd34a6db5ce5d48"},"breadcrumb":{"@id":"https:\/\/www.intersoccermadrid.com\/en\/fantastica-noticia-pierre-kunde-ha-fichado-por-el-mainz-05-de-la-bundesliga\/#breadcrumb"},"inLanguage":"en-US","potentialAction":[{"@type":"ReadAction","target":["https:\/\/www.intersoccermadrid.com\/en\/fantastica-noticia-pierre-kunde-ha-fichado-por-el-mainz-05-de-la-bundesliga\/"]}]},{"@type":"BreadcrumbList","@id":"https:\/\/www.intersoccermadrid.com\/en\/fantastica-noticia-pierre-kunde-ha-fichado-por-el-mainz-05-de-la-bundesliga\/#breadcrumb","itemListElement":[{"@type":"ListItem","position":1,"name":"Home","item":"https:\/\/www.intersoccermadrid.com\/en\/"},{"@type":"ListItem","position":2,"name":"\u00a1FANT\u00c1STICA NOTICIA! PIERRE KUNDE HA FICHADO POR EL MAINZ 05 DE LA BUNDESLIGA!"}]},{"@type":"WebSite","@id":"https:\/\/www.intersoccermadrid.com\/en\/#website","url":"https:\/\/www.intersoccermadrid.com\/en\/","name":"International Soccer Academy of Madrid","description":"International Soccer Academy of Madrid","potentialAction":[{"@type":"SearchAction","target":{"@type":"EntryPoint","urlTemplate":"https:\/\/www.intersoccermadrid.com\/en\/?s={search_term_string}"},"query-input":"required name=search_term_string"}],"inLanguage":"en-US"},{"@type":"Person","@id":"https:\/\/www.intersoccermadrid.com\/en\/#\/schema\/person\/4843f782828393fd2fd34a6db5ce5d48","name":"Administrator","image":{"@type":"ImageObject","inLanguage":"en-US","@id":"https:\/\/www.intersoccermadrid.com\/en\/#\/schema\/person\/image\/","url":"https:\/\/secure.gravatar.com\/avatar\/85ec5305f9a568d3e58c20ee91decabf?s=96&d=mm&r=g","contentUrl":"https:\/\/secure.gravatar.com\/avatar\/85ec5305f9a568d3e58c20ee91decabf?s=96&d=mm&r=g","caption":"Administrator"},"url":"https:\/\/www.intersoccermadrid.com\/en\/author\/admin\/"}]}},"_links":{"self":[{"href":"https:\/\/www.intersoccermadrid.com\/en\/wp-json\/wp\/v2\/posts\/11283"}],"collection":[{"href":"https:\/\/www.intersoccermadrid.com\/en\/wp-json\/wp\/v2\/posts"}],"about":[{"href":"https:\/\/www.intersoccermadrid.com\/en\/wp-json\/wp\/v2\/types\/post"}],"author":[{"embeddable":true,"href":"https:\/\/www.intersoccermadrid.com\/en\/wp-json\/wp\/v2\/users\/2"}],"replies":[{"embeddable":true,"href":"https:\/\/www.intersoccermadrid.com\/en\/wp-json\/wp\/v2\/comments?post=11283"}],"version-history":[{"count":1,"href":"https:\/\/www.intersoccermadrid.com\/en\/wp-json\/wp\/v2\/posts\/11283\/revisions"}],"predecessor-version":[{"id":11286,"href":"https:\/\/www.intersoccermadrid.com\/en\/wp-json\/wp\/v2\/posts\/11283\/revisions\/11286"}],"wp:featuredmedia":[{"embeddable":true,"href":"https:\/\/www.intersoccermadrid.com\/en\/wp-json\/wp\/v2\/media\/11144"}],"wp:attachment":[{"href":"https:\/\/www.intersoccermadrid.com\/en\/wp-json\/wp\/v2\/media?parent=11283"}],"wp:term":[{"taxonomy":"category","embeddable":true,"href":"https:\/\/www.intersoccermadrid.com\/en\/wp-json\/wp\/v2\/categories?post=11283"},{"taxonomy":"post_tag","embeddable":true,"href":"https:\/\/www.intersoccermadrid.com\/en\/wp-json\/wp\/v2\/tags?post=11283"}],"curies":[{"name":"wp","href":"https:\/\/api.w.org\/{rel}","templated":true}]}}