{"id":11279,"date":"2018-07-27T14:40:38","date_gmt":"2018-07-27T12:40:38","guid":{"rendered":"https:\/\/www.intersoccermadrid.com\/la-ac-intersoccer-potencia-su-proyecto-futbol-competitivo-con-joaquin-barrios-y-carlos-cura-como-referentes\/"},"modified":"2018-07-27T14:40:38","modified_gmt":"2018-07-27T12:40:38","slug":"la-ac-intersoccer-potencia-su-proyecto-futbol-competitivo-con-joaquin-barrios-y-carlos-cura-como-referentes","status":"publish","type":"post","link":"https:\/\/www.intersoccermadrid.com\/en\/la-ac-intersoccer-potencia-su-proyecto-futbol-competitivo-con-joaquin-barrios-y-carlos-cura-como-referentes\/","title":{"rendered":"La AC Intersoccer potencia su proyecto &#8220;F\u00fatbol Competitivo&#8221; con Joaqu\u00edn Barrios y Carlos Cura como referentes"},"content":{"rendered":"<p>[et_pb_section bb_built=&#8221;1&#8243;][et_pb_row][et_pb_column type=&#8221;4_4&#8243;][et_pb_text _builder_version=&#8221;3.11.1&#8243;]<\/p>\n<p>Joaqu\u00edn Barrios, despu\u00e9s de una larga y brillante trayectoria como futbolista del emblem\u00e1tico club de su ciudad natal, M\u00e9rida -con bagaje en sus filas tanto en Tercera como en Segunda B-, recal\u00f3 en el f\u00fatbol de Madrid a comienzos de la temporada 2014\/2015.<!--more--><\/p>\n<p>[\/et_pb_text][et_pb_gallery _builder_version=&#8221;3.11.1&#8243; gallery_ids=&#8221;11249,11252,11255&#8243; fullwidth=&#8221;on&#8221; zoom_icon_color=&#8221;#2ea3f2&#8243; hover_overlay_color=&#8221;rgba(255,255,255,0.9)&#8221; \/][et_pb_text _builder_version=&#8221;3.11.1&#8243;]<\/p>\n<p>Ya en tierras madrile\u00f1as, clubes como el Tres Cantos, primero, y el Alcobendas Levitt, despu\u00e9s, conocieron de su responsabilidad, compromiso y buen hacer como futbolista y como persona. Desde su retirada, hace dos temporadas, y mientras se segu\u00eda formando y titul\u00e1ndose en los diferentes niveles de entrenador ya comenz\u00f3 a dar sobradas muestras de su capacidad para dicha tarea en su trabajo diario como director de la tecnificaci\u00f3n matinal de la academia en Alalpardo. Tanto que, el pasado mes de noviembre fue requerido por los dirigentes del Alcobendas Levitt para hacerse cargo del primer equipo del club que milita en Preferente.<\/p>\n<p>Ahora, dando un paso m\u00e1s, la AC Intersoccer quiere potenciar tanto el proyecto competitivo de su equipo de Segunda de aficionados como iniciarse en la creaci\u00f3n y tambi\u00e9n potenciaci\u00f3n de un equipo juvenil que tambi\u00e9n competir\u00e1 en categor\u00edas de la RFFM.<\/p>\n<p>Con claros objetivos a medio plazo de situar a ambos equipos en categor\u00edas de mucho m\u00e1s nivel competitivo, Joaquin Barrios ser\u00e1 el manager general que impulsar\u00e1 dichos objetivos&#8230; \u00a1 por los despachos de la sede de la academia en su residencia de Alalpardo ya se persigue el sue\u00f1o de gozar alg\u00fan d\u00eda de la presencia de sus dos equipos en Preferente\/Tercera Divisi\u00f3n Senior y en Auton\u00f3mica\/Liga Nacional Juvenil !.<\/p>\n<p>Puesto en marcha en su nuevo y amplio cometido, Joaqu\u00edn ya ha conseguido la primera e ilusionante incorporaci\u00f3n al nuevo proyecto:<\/p>\n<p>CARLOS CURA HERNANZ, 31 a\u00f1os, con t\u00edtulo de entrenador nivel 3 UEFA PRO, Licenciado en C.C. de la Actividad F\u00edsica y del Deporte&#8230; se suma, como entrenador del equipo aficionado, al proyecto global de f\u00fatbol de la AC Intersoccer Madrid.<\/p>\n<p>Carlos, el nuevo m\u00edster de la AC Intersoccer, acredita un magn\u00edfico CV pese a su juventud&#8230; desde 2012, cinco temporadas en el Club Atl\u00e9tico de Madrid -en el cuerpo t\u00e9cnico de juvenil nacional y de juvenil DH-; despu\u00e9s en el Atl\u00e9tico Baleares -segundo entrenador en 2a B-, regresando durante el invierno pasado a Madrid para convertirse en primer entrenador en el CD Canillas B y hacerlo con \u00e9xito&#8230; ya que con un trabajo tit\u00e1nico durante los \u00faltimos meses de competici\u00f3n logr\u00f3 salvar al equipo de un descenso que parec\u00eda seguro. Ahora le espera el renovado proyecto de la academia.<\/p>\n<p>Con la clara sensaci\u00f3n de que el primer entrenador del reci\u00e9n creado equipo juvenil de los verdinegros estudiantes ser\u00e1 &#8220;un t\u00e9cnico de la casa&#8221;, el descubrimiento de su identidad, junto a las nuevas incorporaciones de t\u00e9cnicos para los respectivos cuerpos t\u00e9cnicos y la llegada de nuevos jugadores al &#8220;proyecto global de f\u00fatbol de la AC Intersoccer&#8221; se constituir\u00e1n en noticias que iremos publicando por este medio durante pr\u00f3ximas fechas.<\/p>\n<p>Por otra parte detallar que tanto los equipos de competici\u00f3n de la AC Intersoccer como los alumnos pertenecientes a la academia de tecnificaci\u00f3n vestir\u00e1n durante la temporada\/curso 2018\/2019 prendas y complementos de utillaje de la prestigiosa marca ADIDAS; gracias a la gesti\u00f3n del proveedor oficial de la academia: &#8220;POLOS tiendas de deporte&#8221;.<\/p>\n<p>[\/et_pb_text][\/et_pb_column][\/et_pb_row][\/et_pb_section]<\/p>\n","protected":false},"excerpt":{"rendered":"<p><div class=\"et_pb_row et_pb_row_0 et_pb_row_empty\">\n\t\t\t\t\n\t\t\t\t\n\t\t\t\t\n\t\t\t\t\n\t\t\t\t\n\t\t\t<\/div> Joaqu\u00edn Barrios, despu\u00e9s de una larga y brillante trayectoria como futbolista del emblem\u00e1tico club de su ciudad natal, M\u00e9rida -con bagaje en sus filas tanto en Tercera como en Segunda B-, recal\u00f3 en el f\u00fatbol de Madrid a comienzos de la temporada 2014\/2015. Ya en tierras madrile\u00f1as, clubes como el Tres Cantos, primero, y [&hellip;]<\/p>\n","protected":false},"author":2,"featured_media":11250,"comment_status":"closed","ping_status":"closed","sticky":false,"template":"","format":"standard","meta":{"_et_pb_use_builder":"on","_et_pb_old_content":"","_et_gb_content_width":""},"categories":[8,11],"tags":[],"yoast_head":"<!-- This site is optimized with the Yoast SEO plugin v20.9 - https:\/\/yoast.com\/wordpress\/plugins\/seo\/ -->\n<title>La AC Intersoccer potencia su proyecto &quot;F\u00fatbol Competitivo&quot; con Joaqu\u00edn Barrios y Carlos Cura como referentes &middot; International Soccer Academy of Madrid<\/title>\n<meta name=\"robots\" content=\"index, follow, max-snippet:-1, max-image-preview:large, max-video-preview:-1\" \/>\n<link rel=\"canonical\" href=\"https:\/\/www.intersoccermadrid.com\/en\/la-ac-intersoccer-potencia-su-proyecto-futbol-competitivo-con-joaquin-barrios-y-carlos-cura-como-referentes\/\" \/>\n<meta property=\"og:locale\" content=\"en_US\" \/>\n<meta property=\"og:type\" content=\"article\" \/>\n<meta property=\"og:title\" content=\"La AC Intersoccer potencia su proyecto &quot;F\u00fatbol Competitivo&quot; con Joaqu\u00edn Barrios y Carlos Cura como referentes &middot; International Soccer Academy of Madrid\" \/>\n<meta property=\"og:description\" content=\"Joaqu\u00edn Barrios, despu\u00e9s de una larga y brillante trayectoria como futbolista del emblem\u00e1tico club de su ciudad natal, M\u00e9rida -con bagaje en sus filas tanto en Tercera como en Segunda B-, recal\u00f3 en el f\u00fatbol de Madrid a comienzos de la temporada 2014\/2015. Ya en tierras madrile\u00f1as, clubes como el Tres Cantos, primero, y [&hellip;]\" \/>\n<meta property=\"og:url\" content=\"https:\/\/www.intersoccermadrid.com\/en\/la-ac-intersoccer-potencia-su-proyecto-futbol-competitivo-con-joaquin-barrios-y-carlos-cura-como-referentes\/\" \/>\n<meta property=\"og:site_name\" content=\"International Soccer Academy of Madrid\" \/>\n<meta property=\"article:published_time\" content=\"2018-07-27T12:40:38+00:00\" \/>\n<meta property=\"og:image\" content=\"https:\/\/www.intersoccermadrid.com\/wp-content\/uploads\/2018\/08\/2018_presentacion_staff_tecnico_01.jpg\" \/>\n\t<meta property=\"og:image:width\" content=\"800\" \/>\n\t<meta property=\"og:image:height\" content=\"525\" \/>\n\t<meta property=\"og:image:type\" content=\"image\/jpeg\" \/>\n<meta name=\"author\" content=\"Administrator\" \/>\n<meta name=\"twitter:card\" content=\"summary_large_image\" \/>\n<meta name=\"twitter:label1\" content=\"Written by\" \/>\n\t<meta name=\"twitter:data1\" content=\"Administrator\" \/>\n\t<meta name=\"twitter:label2\" content=\"Est. reading time\" \/>\n\t<meta name=\"twitter:data2\" content=\"3 minutes\" \/>\n<script type=\"application\/ld+json\" class=\"yoast-schema-graph\">{\"@context\":\"https:\/\/schema.org\",\"@graph\":[{\"@type\":\"WebPage\",\"@id\":\"https:\/\/www.intersoccermadrid.com\/en\/la-ac-intersoccer-potencia-su-proyecto-futbol-competitivo-con-joaquin-barrios-y-carlos-cura-como-referentes\/\",\"url\":\"https:\/\/www.intersoccermadrid.com\/en\/la-ac-intersoccer-potencia-su-proyecto-futbol-competitivo-con-joaquin-barrios-y-carlos-cura-como-referentes\/\",\"name\":\"La AC Intersoccer potencia su proyecto \\\"F\u00fatbol Competitivo\\\" con Joaqu\u00edn Barrios y Carlos Cura como referentes &middot; International Soccer Academy of Madrid\",\"isPartOf\":{\"@id\":\"https:\/\/www.intersoccermadrid.com\/en\/#website\"},\"datePublished\":\"2018-07-27T12:40:38+00:00\",\"dateModified\":\"2018-07-27T12:40:38+00:00\",\"author\":{\"@id\":\"https:\/\/www.intersoccermadrid.com\/en\/#\/schema\/person\/4843f782828393fd2fd34a6db5ce5d48\"},\"breadcrumb\":{\"@id\":\"https:\/\/www.intersoccermadrid.com\/en\/la-ac-intersoccer-potencia-su-proyecto-futbol-competitivo-con-joaquin-barrios-y-carlos-cura-como-referentes\/#breadcrumb\"},\"inLanguage\":\"en-US\",\"potentialAction\":[{\"@type\":\"ReadAction\",\"target\":[\"https:\/\/www.intersoccermadrid.com\/en\/la-ac-intersoccer-potencia-su-proyecto-futbol-competitivo-con-joaquin-barrios-y-carlos-cura-como-referentes\/\"]}]},{\"@type\":\"BreadcrumbList\",\"@id\":\"https:\/\/www.intersoccermadrid.com\/en\/la-ac-intersoccer-potencia-su-proyecto-futbol-competitivo-con-joaquin-barrios-y-carlos-cura-como-referentes\/#breadcrumb\",\"itemListElement\":[{\"@type\":\"ListItem\",\"position\":1,\"name\":\"Home\",\"item\":\"https:\/\/www.intersoccermadrid.com\/en\/\"},{\"@type\":\"ListItem\",\"position\":2,\"name\":\"La AC Intersoccer potencia su proyecto &#8220;F\u00fatbol Competitivo&#8221; con Joaqu\u00edn Barrios y Carlos Cura como referentes\"}]},{\"@type\":\"WebSite\",\"@id\":\"https:\/\/www.intersoccermadrid.com\/en\/#website\",\"url\":\"https:\/\/www.intersoccermadrid.com\/en\/\",\"name\":\"International Soccer Academy of Madrid\",\"description\":\"International Soccer Academy of Madrid\",\"potentialAction\":[{\"@type\":\"SearchAction\",\"target\":{\"@type\":\"EntryPoint\",\"urlTemplate\":\"https:\/\/www.intersoccermadrid.com\/en\/?s={search_term_string}\"},\"query-input\":\"required name=search_term_string\"}],\"inLanguage\":\"en-US\"},{\"@type\":\"Person\",\"@id\":\"https:\/\/www.intersoccermadrid.com\/en\/#\/schema\/person\/4843f782828393fd2fd34a6db5ce5d48\",\"name\":\"Administrator\",\"image\":{\"@type\":\"ImageObject\",\"inLanguage\":\"en-US\",\"@id\":\"https:\/\/www.intersoccermadrid.com\/en\/#\/schema\/person\/image\/\",\"url\":\"https:\/\/secure.gravatar.com\/avatar\/85ec5305f9a568d3e58c20ee91decabf?s=96&d=mm&r=g\",\"contentUrl\":\"https:\/\/secure.gravatar.com\/avatar\/85ec5305f9a568d3e58c20ee91decabf?s=96&d=mm&r=g\",\"caption\":\"Administrator\"},\"url\":\"https:\/\/www.intersoccermadrid.com\/en\/author\/admin\/\"}]}<\/script>\n<!-- \/ Yoast SEO plugin. -->","yoast_head_json":{"title":"La AC Intersoccer potencia su proyecto \"F\u00fatbol Competitivo\" con Joaqu\u00edn Barrios y Carlos Cura como referentes &middot; International Soccer Academy of Madrid","robots":{"index":"index","follow":"follow","max-snippet":"max-snippet:-1","max-image-preview":"max-image-preview:large","max-video-preview":"max-video-preview:-1"},"canonical":"https:\/\/www.intersoccermadrid.com\/en\/la-ac-intersoccer-potencia-su-proyecto-futbol-competitivo-con-joaquin-barrios-y-carlos-cura-como-referentes\/","og_locale":"en_US","og_type":"article","og_title":"La AC Intersoccer potencia su proyecto \"F\u00fatbol Competitivo\" con Joaqu\u00edn Barrios y Carlos Cura como referentes &middot; International Soccer Academy of Madrid","og_description":"Joaqu\u00edn Barrios, despu\u00e9s de una larga y brillante trayectoria como futbolista del emblem\u00e1tico club de su ciudad natal, M\u00e9rida -con bagaje en sus filas tanto en Tercera como en Segunda B-, recal\u00f3 en el f\u00fatbol de Madrid a comienzos de la temporada 2014\/2015. Ya en tierras madrile\u00f1as, clubes como el Tres Cantos, primero, y [&hellip;]","og_url":"https:\/\/www.intersoccermadrid.com\/en\/la-ac-intersoccer-potencia-su-proyecto-futbol-competitivo-con-joaquin-barrios-y-carlos-cura-como-referentes\/","og_site_name":"International Soccer Academy of Madrid","article_published_time":"2018-07-27T12:40:38+00:00","og_image":[{"width":800,"height":525,"url":"https:\/\/www.intersoccermadrid.com\/wp-content\/uploads\/2018\/08\/2018_presentacion_staff_tecnico_01.jpg","type":"image\/jpeg"}],"author":"Administrator","twitter_card":"summary_large_image","twitter_misc":{"Written by":"Administrator","Est. reading time":"3 minutes"},"schema":{"@context":"https:\/\/schema.org","@graph":[{"@type":"WebPage","@id":"https:\/\/www.intersoccermadrid.com\/en\/la-ac-intersoccer-potencia-su-proyecto-futbol-competitivo-con-joaquin-barrios-y-carlos-cura-como-referentes\/","url":"https:\/\/www.intersoccermadrid.com\/en\/la-ac-intersoccer-potencia-su-proyecto-futbol-competitivo-con-joaquin-barrios-y-carlos-cura-como-referentes\/","name":"La AC Intersoccer potencia su proyecto \"F\u00fatbol Competitivo\" con Joaqu\u00edn Barrios y Carlos Cura como referentes &middot; International Soccer Academy of Madrid","isPartOf":{"@id":"https:\/\/www.intersoccermadrid.com\/en\/#website"},"datePublished":"2018-07-27T12:40:38+00:00","dateModified":"2018-07-27T12:40:38+00:00","author":{"@id":"https:\/\/www.intersoccermadrid.com\/en\/#\/schema\/person\/4843f782828393fd2fd34a6db5ce5d48"},"breadcrumb":{"@id":"https:\/\/www.intersoccermadrid.com\/en\/la-ac-intersoccer-potencia-su-proyecto-futbol-competitivo-con-joaquin-barrios-y-carlos-cura-como-referentes\/#breadcrumb"},"inLanguage":"en-US","potentialAction":[{"@type":"ReadAction","target":["https:\/\/www.intersoccermadrid.com\/en\/la-ac-intersoccer-potencia-su-proyecto-futbol-competitivo-con-joaquin-barrios-y-carlos-cura-como-referentes\/"]}]},{"@type":"BreadcrumbList","@id":"https:\/\/www.intersoccermadrid.com\/en\/la-ac-intersoccer-potencia-su-proyecto-futbol-competitivo-con-joaquin-barrios-y-carlos-cura-como-referentes\/#breadcrumb","itemListElement":[{"@type":"ListItem","position":1,"name":"Home","item":"https:\/\/www.intersoccermadrid.com\/en\/"},{"@type":"ListItem","position":2,"name":"La AC Intersoccer potencia su proyecto &#8220;F\u00fatbol Competitivo&#8221; con Joaqu\u00edn Barrios y Carlos Cura como referentes"}]},{"@type":"WebSite","@id":"https:\/\/www.intersoccermadrid.com\/en\/#website","url":"https:\/\/www.intersoccermadrid.com\/en\/","name":"International Soccer Academy of Madrid","description":"International Soccer Academy of Madrid","potentialAction":[{"@type":"SearchAction","target":{"@type":"EntryPoint","urlTemplate":"https:\/\/www.intersoccermadrid.com\/en\/?s={search_term_string}"},"query-input":"required name=search_term_string"}],"inLanguage":"en-US"},{"@type":"Person","@id":"https:\/\/www.intersoccermadrid.com\/en\/#\/schema\/person\/4843f782828393fd2fd34a6db5ce5d48","name":"Administrator","image":{"@type":"ImageObject","inLanguage":"en-US","@id":"https:\/\/www.intersoccermadrid.com\/en\/#\/schema\/person\/image\/","url":"https:\/\/secure.gravatar.com\/avatar\/85ec5305f9a568d3e58c20ee91decabf?s=96&d=mm&r=g","contentUrl":"https:\/\/secure.gravatar.com\/avatar\/85ec5305f9a568d3e58c20ee91decabf?s=96&d=mm&r=g","caption":"Administrator"},"url":"https:\/\/www.intersoccermadrid.com\/en\/author\/admin\/"}]}},"_links":{"self":[{"href":"https:\/\/www.intersoccermadrid.com\/en\/wp-json\/wp\/v2\/posts\/11279"}],"collection":[{"href":"https:\/\/www.intersoccermadrid.com\/en\/wp-json\/wp\/v2\/posts"}],"about":[{"href":"https:\/\/www.intersoccermadrid.com\/en\/wp-json\/wp\/v2\/types\/post"}],"author":[{"embeddable":true,"href":"https:\/\/www.intersoccermadrid.com\/en\/wp-json\/wp\/v2\/users\/2"}],"replies":[{"embeddable":true,"href":"https:\/\/www.intersoccermadrid.com\/en\/wp-json\/wp\/v2\/comments?post=11279"}],"version-history":[{"count":0,"href":"https:\/\/www.intersoccermadrid.com\/en\/wp-json\/wp\/v2\/posts\/11279\/revisions"}],"wp:featuredmedia":[{"embeddable":true,"href":"https:\/\/www.intersoccermadrid.com\/en\/wp-json\/wp\/v2\/media\/11250"}],"wp:attachment":[{"href":"https:\/\/www.intersoccermadrid.com\/en\/wp-json\/wp\/v2\/media?parent=11279"}],"wp:term":[{"taxonomy":"category","embeddable":true,"href":"https:\/\/www.intersoccermadrid.com\/en\/wp-json\/wp\/v2\/categories?post=11279"},{"taxonomy":"post_tag","embeddable":true,"href":"https:\/\/www.intersoccermadrid.com\/en\/wp-json\/wp\/v2\/tags?post=11279"}],"curies":[{"name":"wp","href":"https:\/\/api.w.org\/{rel}","templated":true}]}}